{"id":16864,"date":"2022-03-24T14:01:06","date_gmt":"2022-03-24T13:01:06","guid":{"rendered":"https:\/\/it.andersen.com\/?p=16864"},"modified":"2022-09-29T17:55:55","modified_gmt":"2022-09-29T15:55:55","slug":"andersen-global-firms-recognized-by-chambers-partners-the-legal-500-itr-world-tax","status":"publish","type":"post","link":"https:\/\/it.andersen.com\/en\/andersen-global-firms-recognized-by-chambers-partners-the-legal-500-itr-world-tax\/","title":{"rendered":"Andersen Global Member Firms Recognized by Chambers &#038; Partners, The Legal 500, ITR World Tax in 2021"},"content":{"rendered":"<p>The member firms of Andersen Global received <strong>more than 60 firm recognitions and more than 55 individual distinctions<\/strong> from <em>Chambers &amp; Partners, The Legal 500 <\/em>and<em> International Tax Review (ITR) World Tax <\/em>during 2021, further highlighting the <strong>organization\u2019s commitment to providing clients with best-in-class tax and legal services globally<\/strong> and its professionals\u2019 dedication to stewardship.<\/p>\n<p>Among the firms included, also <strong>Andersen in Italy<\/strong>, in particular in the areas of General Corporate Tax, Transactional Tax and Transfer Pricing.<\/p>\n<p>And among the professionals recognized for their expertise, the Italian partner <strong>Maricla Pennesi<\/strong>, tax coordinator for both Europe and Italy, certified public accountant with over 30 years of experience. Maricla is considered one of the most authoritative experts in international taxation in the national and international context and had already been included in previous editions of these important legal directories. Among the most prestigious recognitions, also the international Client Choice Award in the years 2014, 2016 and 2017 as the best Italian tax consultant in the Corporate tax area, as well as that of Legal Community in 2017 as &#8220;Professional of the year&#8221; for the taxation of extraordinary transactions.<\/p>\n<p>In addition, Italian partner <strong>Stefano Rossi<\/strong> received the &#8220;Highly Regarded&#8221; award in Transfer Pricing from The International Tax Review.<\/p>\n<p>Below are details on the awards Andersen Global received in these three important Legal Directories.<\/p>\n<p>&nbsp;<\/p>\n<h3><em>International Tax Review World Tax and Transfer Pricing<\/em><\/h3>\n<p>The <em>International Tax Review (ITR) <\/em>recognized the leading law firms, consultancies and advisory groups covering more than 100 jurisdictions on each continent. <em>ITR <\/em>honored 26 of Andersen Global\u2019s member firms and nearly 16 professionals from Andersen Global\u2019s member firms in the 2021 rankings.<\/p>\n<p>Andersen in Italy<\/p>\n<ul>\n<li>Band 3, Transactional Tax<\/li>\n<li>Band 3, Transfer Pricing<\/li>\n<li>Band 5, General Corporate Tax<\/li>\n<li><a href=\"https:\/\/global.andersen.com\/people\/rossi-stefano\">Stefano Rossi<\/a> \u2013 Highly Regarded, Transfer Pricing<\/li>\n<li><a href=\"https:\/\/global.andersen.com\/people\/pennesi-maricla\">Maricla Pennesi<\/a> \u2013 EG Tax Leading Advisor, Women in Tax and Highly Regarded, Women in Tax<\/li>\n<\/ul>\n<p>Andersen in Argentina<\/p>\n<ul>\n<li>Band 2, Transfer Pricing<\/li>\n<\/ul>\n<p>Jim\u00e9nez Higuita Rodr\u00edguez &amp; Asociados (Colombian member firm of Andersen Global)<\/p>\n<ul>\n<li>Band 4, General Corporate Tax<\/li>\n<li>Jairo Alberto Higuita Naranjo \u2013 Highly Regarded, General Corporate Tax<\/li>\n<li>Juli\u00e1n Jim\u00e9nez Mejia \u2013 Highly Regarded, General Corporate Tax<\/li>\n<li>Andr\u00e9s Alberto Pach\u00f3n Luna \u2013 Highly Regarded, General Corporate Tax<\/li>\n<li>Carlos Giovanni Rodr\u00edguez V\u00e1squez \u2013 Highly Regarded, General Corporate Tax<\/li>\n<\/ul>\n<p>Andersen in Greece<\/p>\n<ul>\n<li>Band 2, General Corporate Tax<\/li>\n<li>Band 2, Transfer Pricing<\/li>\n<\/ul>\n<p>Andersen Tax in Hungary<\/p>\n<ul>\n<li>Band 1, Tax<\/li>\n<li>Band 2, Transfer Pricing<\/li>\n<li><a href=\"https:\/\/global.andersen.com\/people\/radnai-karoly\">Karoly Radnai<\/a> \u2013 Highly Regarded, Transactional Tax<\/li>\n<\/ul>\n<p>Nangia Andersen India Pvt. Ltd. (Indian member firm of Andersen Global)<\/p>\n<ul>\n<li>Band 3, General Corporate Tax<\/li>\n<li>Band 3, Transfer Pricing<\/li>\n<li>Band 4, Indirect Tax<\/li>\n<\/ul>\n<p>Andersen Tax in Kuwait<\/p>\n<ul>\n<li>Tax<\/li>\n<\/ul>\n<p>SKATT (Mexican member firm of Andersen Global)<\/p>\n<ul>\n<li>Band 2, General Corporate Tax<\/li>\n<li>Band 2, Transfer Pricing<\/li>\n<\/ul>\n<p>Andersen Tax in Nigeria<\/p>\n<ul>\n<li>Band 1, Tax<\/li>\n<li>Band 1, Transfer Pricing<\/li>\n<\/ul>\n<p>Andersen in Poland<\/p>\n<ul>\n<li>Other Notable, General Corporate Tax<\/li>\n<li><a href=\"https:\/\/global.andersen.com\/people\/poteraj-monika\">Monika Poteraj<\/a> \u2013 Highly Regarded, Indirect Tax and Highly Regarded, Women in Tax<\/li>\n<li><a href=\"https:\/\/global.andersen.com\/people\/malhaeo-carla\">Carla Malhao<\/a> \u2013 Highly Regarded, Tax Controversy and Highly Regarded, Transactional Tax<\/li>\n<\/ul>\n<p>Senica (Slovenian member firm of Andersen Global)<\/p>\n<ul>\n<li>Band 3, Tax<\/li>\n<li>Transfer Pricing<\/li>\n<\/ul>\n<p>Andersen in Spain<\/p>\n<ul>\n<li>Band 2, Tax Controversy<\/li>\n<li>Band 2, Transactional Tax<\/li>\n<li>Band 2, Transfer Pricing<\/li>\n<li>Band 3, Indirect Tax<\/li>\n<li>Band 4, General Corporate Tax<\/li>\n<li><a href=\"https:\/\/global.andersen.com\/people\/maria-olleros\">Maria Olleros<\/a> \u2013 Highly Regarded, General Corporate Tax and Highly Regarded, Transactional Tax<\/li>\n<li><a href=\"https:\/\/global.andersen.com\/people\/rivero-tomas\">Tomas Rivero Villamarin<\/a> \u2013 Highly Regarded, Real Estate and Highly Regarded, Transactional Tax<\/li>\n<\/ul>\n<p>Ligomarc Advocates (Ugandan member firm of Andersen Global)<\/p>\n<ul>\n<li>Tax<\/li>\n<\/ul>\n<h3><\/h3>\n<h3><em>Chambers &amp; Partners <\/em><\/h3>\n<p><em>Chambers &amp; Partners <\/em>published its annual rankings of top-performing firms and professionals based on comprehensive research spanning over 200 jurisdictions and 91 countries. The publication recognized the Andersen Global member firms and their professionals with 17 member firm distinctions and 28 individual distinctions in 2021.<\/p>\n<p>Andersen in Italy<\/p>\n<ul>\n<li><a href=\"https:\/\/global.andersen.com\/people\/pennesi-maricla\">Maricla Pennesi<\/a> \u2013 Band 5, Tax (<em>Chambers Europe Individuals) <\/em><\/li>\n<\/ul>\n<p>Andersen Legal in Greece<\/p>\n<ul>\n<li>Band 2, Employment (<em>Chambers Europe) <\/em><\/li>\n<li><a href=\"https:\/\/global.andersen.com\/people\/themistoklis-giannakopoulos\">Themistoklis Giannakopoulos<\/a> \u2013 Band 3, TMT (<em>Chambers Europe Individuals) <\/em><\/li>\n<\/ul>\n<p>Andersen in Hungary<\/p>\n<ul>\n<li>Band 3, Employment (<em>Chambers Europe) <\/em><\/li>\n<li>Band 3, Projects and Energy (<em>Chambers Europe) <\/em><\/li>\n<li>Band 5, Corporate\/M&amp;A (<em>Chambers Europe) <\/em><\/li>\n<li><a href=\"https:\/\/global.andersen.com\/people\/kelemen-laszlo-andras\">L\u00e1szl\u00f3 Andr\u00e1s Kelemen<\/a> \u2013 Band 4, Corporate\/M&amp;A (<em>Chambers Global Individuals) \u00a0<\/em><\/li>\n<\/ul>\n<p>MG Law Office (Georgian member firm of Andersen Global)<\/p>\n<ul>\n<li>Archil Giorgadze \u2013 Band 4, General Business Law (<em>Chambers Global) <\/em><\/li>\n<\/ul>\n<p>Senica (Slovenian member firm of Andersen Global)<\/p>\n<ul>\n<li>Band 2, Employment (<em>Chambers Europe) <\/em><\/li>\n<li>Ljuba Zupan\u010di\u010d \u010cokert \u2013 Band 2, Employment (<em>Chambers Europe Individuals) <\/em><\/li>\n<\/ul>\n<p>Andersen in South Africa<\/p>\n<ul>\n<li>Band 4, Environment (<em>Chambers Global) <\/em><\/li>\n<li>James Cross \u2013 Band 2, Environment (<em>Chambers Global) <\/em><\/li>\n<li>David Woodhouse \u2013 Band 3, Employment (<em>Chambers Global) <\/em><\/li>\n<li>Jackie Peart \u2013 Band 3, Tax (<em>Chambers Global<\/em>)<\/li>\n<\/ul>\n<p>Andersen in Spain<\/p>\n<ul>\n<li>Band 3, Private Wealth Law (<em>HNW)<\/em><\/li>\n<li>Band 3, Dispute Resolution (<em>Chambers Global) <\/em><\/li>\n<li>Band 3, Dispute Resolution (<em>Chambers Europe) <\/em><\/li>\n<li>Band 4, Employment (<em>Chambers Europe) <\/em><\/li>\n<li>Band 5, Corporate\/M&amp;A (<em>Chambers Global) <\/em><\/li>\n<li>Band 5, Corporate\/M&amp;A (<em>Chambers Europe) <\/em><\/li>\n<li>Band 6, Tax (<em>Chambers Europe) <\/em><\/li>\n<li><a href=\"https:\/\/global.andersen.com\/people\/inigo-rodriguez-sastre\">I\u00f1igo Rodriguez-Sastre<\/a> \u2013 Band 2, Dispute Resolution (<em>Chambers Global Individuals) <\/em>and Band 2, Dispute Resolution (<em>Chambers Europe Individuals) <\/em><\/li>\n<li><a href=\"https:\/\/global.andersen.com\/people\/bengoechea-arancha\">Arancha Bengoechea<\/a> \u2013 Band 2, Environment (<em>Chambers Europe Individuals), <\/em>and Band 4, Public Law (<em>Chambers Europe Individuals) <\/em><\/li>\n<li>Javier Bustillo \u2013 Band 3, Private Equity: Venture Capital (<em>Chambers Europe Individuals) <\/em><\/li>\n<li><a href=\"https:\/\/global.andersen.com\/people\/ignacio-aparicio\">Ignacio Aparicio Ramos<\/a> \u2013 Band 3, Cuba &#8211; General business law: international firms (<em>Chambers Global Individuals)<\/em>, Band 3, Corporate\/Commercial: International Firms (<em>LatAm Individuals Cuba) <\/em>and Corporate\/M&amp;A (<em>Chambers Global Individuals; Foreign expert for Cuba)<\/em><\/li>\n<li>Carlos Pe\u00f1a \u2013 Band 4, Planning (<em>Chambers Europe Individuals) <\/em><\/li>\n<li><a href=\"https:\/\/global.andersen.com\/people\/javier-mata\">Javier Mata<\/a> \u2013 Band 4, Restructuring\/Insolvency: insolvency (<em>Chambers Europe Individual) <\/em><\/li>\n<li><a href=\"https:\/\/global.andersen.com\/people\/sevila-sanchez-elena\">Elena Sevila<\/a> \u2013 Dispute Resolution (<em>Chambers Global Individuals; Up and Coming)<\/em><\/li>\n<li>\u00c1lvaro Mart\u00edn Talavera \u2013 Dispute Resolution: corporate crime (<em>Chambers Europe Individuals; Associates to Watch<\/em>)<\/li>\n<\/ul>\n<p>Ligomarc Advocates (Ugandan member firm of Andersen Global)<\/p>\n<ul>\n<li>Band 3, General Business Law (<em>Chambers Global) <\/em><\/li>\n<li>Kabiito Karamagi \u2013 Band 3, General Business Law (<em>Chambers Global) <\/em><\/li>\n<li>Joshua Ogwal \u2013 Band 4, General Business Law (<em>Chambers Global)<\/em><\/li>\n<li>Ruth Sebatindira \u2013 Band 4, General Business Law (<em>Chambers Global) <\/em><\/li>\n<\/ul>\n<p>Andersen in Uruguay<\/p>\n<ul>\n<li>Band 3, Real Estate (<em>Chambers Latin America) <\/em><\/li>\n<li><a href=\"https:\/\/global.andersen.com\/people\/juan-federico-fischer\">Juan Federico Fischer<\/a> \u2013 Band 3, Real Estate (<em>Chambers Latin America) <\/em><\/li>\n<li>Federico Formento \u2013 Corporate\/M&amp;A (<em>Chambers Latin America, Up and Coming)<\/em><\/li>\n<\/ul>\n<h3><\/h3>\n<h3><em>The Legal 500 <\/em><\/h3>\n<p><em>The Legal 500 <\/em>determines their rankings each year by independently researching each law firm\u2019s performance and analyzing feedback from clients and peers in the industry. Andersen Global\u2019s member firms and their respective legal professionals received nearly 35 total distinctions.<\/p>\n<p>Andersen Legal in Greece<\/p>\n<ul>\n<li>Band 1, Employment<\/li>\n<li>Band 2, TMT<\/li>\n<li>Band 2, Real Estate and Construction<\/li>\n<li>Band 3, Commercial, Corporate and M&amp;A<\/li>\n<li>Band 3, Tax<\/li>\n<li><a href=\"https:\/\/global.andersen.com\/people\/pistiolis-theodore\">Theodore Pistiolis<\/a> \u2013 Employment<\/li>\n<li><a href=\"https:\/\/global.andersen.com\/people\/triantafyllos-anastasios\">Anastasios Triantafyllos<\/a> \u2013 Employment<\/li>\n<li><a href=\"https:\/\/global.andersen.com\/people\/zourntos-paraskevas\">Paraskevas Zourntos<\/a> \u2013 Employment<\/li>\n<li><a href=\"https:\/\/global.andersen.com\/people\/themistoklis-giannakopoulos\">Themistoklis Giannakopoulos<\/a> \u2013 TMT<\/li>\n<li>Nicholas Zelios \u2013 TMT<\/li>\n<li>Kleio Kondi \u2013 TMT<\/li>\n<li>Symeon Kretsis \u2013 TMT<\/li>\n<li><a href=\"https:\/\/global.andersen.com\/people\/kiriakouli-vanita\">Vanita Kiriakouli<\/a> \u2013 Real Estate<\/li>\n<li>Dimitra Gkanatsiou \u2013 Commercial, Corporate and M&amp;A<\/li>\n<\/ul>\n<p>Kallay &amp; Partners (Croatian member firm of Andersen Global)<\/p>\n<ul>\n<li>Band 3, Dispute Resolution<\/li>\n<\/ul>\n<p>MG Law Office (Georgian member firm of Andersen Global)<\/p>\n<ul>\n<li>Band 1, Commercial, Corporate and M&amp;A<\/li>\n<li>Band 1, Dispute Resolution<\/li>\n<li>Nicola Mariani \u2013 Commercial, Corporate and M&amp;A and Dispute Resolution<\/li>\n<li>Archil Giorgadze \u2013 Commercial, Corporate and M&amp;A and Dispute Resolution<\/li>\n<li>Ana Kochiaschvili \u2013 Commerical, Corporate and M&amp;A<\/li>\n<\/ul>\n<p>Andersen in Jordan<\/p>\n<ul>\n<li>Band 2, Dispute Resolution<\/li>\n<li>Band 3, Commercial, Corporate and M&amp;A<\/li>\n<\/ul>\n<p>Senica (Slovenian member firm of Andersen Global)<\/p>\n<ul>\n<li>Band 2, Leading Firms<\/li>\n<\/ul>\n<p>Andersen in Spain<\/p>\n<ul>\n<li>Band 2, Industry Focus: Food<\/li>\n<li>Band 4, Commercial, Corporate and M&amp;A<\/li>\n<li>Band 4, Dispute Resolution<\/li>\n<li>Band 4, Employment<\/li>\n<li>Band 4, Real Estate and Construction<\/li>\n<li>Band 4, Restructuring &amp; Insolvency<\/li>\n<li>Band 4, Public Law \u2013 Tier 4<\/li>\n<li>Band 5, Tax<\/li>\n<li>Band 7, Banking and Finance<\/li>\n<li><a href=\"https:\/\/global.andersen.com\/people\/ignacio-aparicio\">Ignacio Aparicio<\/a> \u2013 Commercial, Corporate and M&amp;A<\/li>\n<\/ul>\n<p>&nbsp;<\/p>\n<p>Additionally, the organization\u2019s member firms and their professionals in Ecuador, Mexico and Uruguay received recognitions from the <em>2022 Chambers Latin America<\/em> rankings.<\/p>\n","protected":false},"excerpt":{"rendered":"<p>The member firms of Andersen Global received more than 60 firm recognitions and more than 55 individual distinctions from Chambers &amp; Partners, The Legal 500 and International Tax Review (ITR) World Tax during 2021, further highlighting the organization\u2019s commitment to providing clients with best-in-class tax and legal services globally and its professionals\u2019 dedication to stewardship. [&hellip;]<\/p>\n","protected":false},"author":8,"featured_media":0,"comment_status":"closed","ping_status":"closed","sticky":false,"template":"","format":"standard","meta":{"footnotes":""},"categories":[57],"tags":[],"_links":{"self":[{"href":"https:\/\/it.andersen.com\/en\/wp-json\/wp\/v2\/posts\/16864"}],"collection":[{"href":"https:\/\/it.andersen.com\/en\/wp-json\/wp\/v2\/posts"}],"about":[{"href":"https:\/\/it.andersen.com\/en\/wp-json\/wp\/v2\/types\/post"}],"author":[{"embeddable":true,"href":"https:\/\/it.andersen.com\/en\/wp-json\/wp\/v2\/users\/8"}],"replies":[{"embeddable":true,"href":"https:\/\/it.andersen.com\/en\/wp-json\/wp\/v2\/comments?post=16864"}],"version-history":[{"count":5,"href":"https:\/\/it.andersen.com\/en\/wp-json\/wp\/v2\/posts\/16864\/revisions"}],"predecessor-version":[{"id":19982,"href":"https:\/\/it.andersen.com\/en\/wp-json\/wp\/v2\/posts\/16864\/revisions\/19982"}],"wp:attachment":[{"href":"https:\/\/it.andersen.com\/en\/wp-json\/wp\/v2\/media?parent=16864"}],"wp:term":[{"taxonomy":"category","embeddable":true,"href":"https:\/\/it.andersen.com\/en\/wp-json\/wp\/v2\/categories?post=16864"},{"taxonomy":"post_tag","embeddable":true,"href":"https:\/\/it.andersen.com\/en\/wp-json\/wp\/v2\/tags?post=16864"}],"curies":[{"name":"wp","href":"https:\/\/api.w.org\/{rel}","templated":true}]}}